{"id":30,"count":1,"description":"M\u00e9c\u00e9nat du Ch\u00e2teau Branda pour des \u00e9v\u00e8nements tels que des d\u00eeners de Gala","link":"https:\/\/chateaubranda.com\/en\/tag\/mecenat\/","name":"M\u00e9c\u00e9nat","slug":"mecenat","taxonomy":"post_tag","meta":[],"_links":{"self":[{"href":"https:\/\/chateaubranda.com\/en\/wp-json\/wp\/v2\/tags\/30","targetHints":{"allow":["GET"]}}],"collection":[{"href":"https:\/\/chateaubranda.com\/en\/wp-json\/wp\/v2\/tags"}],"about":[{"href":"https:\/\/chateaubranda.com\/en\/wp-json\/wp\/v2\/taxonomies\/post_tag"}],"wp:post_type":[{"href":"https:\/\/chateaubranda.com\/en\/wp-json\/wp\/v2\/posts?tags=30"},{"href":"https:\/\/chateaubranda.com\/en\/wp-json\/wp\/v2\/tribe_events?tags=30"},{"href":"https:\/\/chateaubranda.com\/en\/wp-json\/wp\/v2\/tec_calendar_embed?tags=30"}],"curies":[{"name":"wp","href":"https:\/\/api.w.org\/{rel}","templated":true}]}}