{"id":1691,"date":"2019-03-12T18:06:34","date_gmt":"2019-03-12T17:06:34","guid":{"rendered":"https:\/\/chateaubranda.com\/?p=1691"},"modified":"2019-03-12T18:29:11","modified_gmt":"2019-03-12T17:29:11","slug":"chateau-branda-magazine-saveurs-mars-2019","status":"publish","type":"post","link":"https:\/\/chateaubranda.com\/en\/chateau-branda-magazine-saveurs-mars-2019\/","title":{"rendered":"Ch\u00e2teau Branda 2015 Magazine Saveurs"},"content":{"rendered":"<p>Une bonne nouvelle que nous partageons aujourd\u2019hui avec vous : notre <strong>Ch\u00e2teau Branda 2015<\/strong> profite d&rsquo;une belle pr\u00e9sentation dans le magazine <strong>Saveurs<\/strong> dans son num\u00e9ro 253 de mars 2013 !<\/p>\n<p>Le commentaire est \u00e9logieux mais nous vous laissons juger par vous-m\u00eame \ud83d\ude09 !<\/p>\n<p>En fait non, on ne tient plus !!<br \/>\nVoici le commentaire de l\u2019\u00e9quipe de <strong>Saveurs<\/strong> : \u201cUn vin croquant aux notes de fruits noirs et d&rsquo;\u00e9pices avec des beaux tanins soyeux en bouche&#8230; de quoi r\u00e9galer vos invit\u00e9s.<\/p>\n<p><img loading=\"lazy\" decoding=\"async\" class=\"alignnone size-medium wp-image-1694\" src=\"https:\/\/chateaubranda.com\/wp-content\/uploads\/2019\/03\/PHOTO-2019-02-21-22-54-22-300x194.jpg\" alt=\"\" width=\"300\" height=\"194\" srcset=\"https:\/\/chateaubranda.com\/wp-content\/uploads\/2019\/03\/PHOTO-2019-02-21-22-54-22-300x194.jpg 300w, https:\/\/chateaubranda.com\/wp-content\/uploads\/2019\/03\/PHOTO-2019-02-21-22-54-22-768x496.jpg 768w, https:\/\/chateaubranda.com\/wp-content\/uploads\/2019\/03\/PHOTO-2019-02-21-22-54-22.jpg 999w\" sizes=\"auto, (max-width: 300px) 100vw, 300px\" \/><\/p>\n<p>Ne boudons pas notre joie, \u201c<strong>\u00e7a fait plaisir<\/strong>\u201d !<\/p>\n<p>&nbsp;<\/p>\n<p>&nbsp;<\/p>\n<p>&nbsp;<\/p>","protected":false},"excerpt":{"rendered":"<p>Une bonne nouvelle que nous partageons aujourd\u2019hui avec vous : notre Ch\u00e2teau Branda 2015 profite d&rsquo;une belle pr\u00e9sentation dans le magazine Saveurs dans son num\u00e9ro 253 de mars 2013 !<br class=\"read-more-spacer\"> <a class=\"more-link\" href=\"https:\/\/chateaubranda.com\/en\/chateau-branda-magazine-saveurs-mars-2019\/\">Read More<\/a><\/p>","protected":false},"author":37,"featured_media":1692,"comment_status":"open","ping_status":"open","sticky":false,"template":"","format":"standard","meta":{"om_disable_all_campaigns":false,"_monsterinsights_skip_tracking":false,"_monsterinsights_sitenote_active":false,"_monsterinsights_sitenote_note":"","_monsterinsights_sitenote_category":0,"_uf_show_specific_survey":0,"_uf_disable_surveys":false,"footnotes":""},"categories":[32],"tags":[46,47,48,45,42,43],"class_list":["post-1691","post","type-post","status-publish","format-standard","has-post-thumbnail","hentry","category-vie-de-chateau","tag-46","tag-carrefour-contact","tag-coup-de-coeur","tag-foire-aux-vins","tag-puisseguin-lussac","tag-saint-emilion"],"aioseo_notices":[],"_links":{"self":[{"href":"https:\/\/chateaubranda.com\/en\/wp-json\/wp\/v2\/posts\/1691","targetHints":{"allow":["GET"]}}],"collection":[{"href":"https:\/\/chateaubranda.com\/en\/wp-json\/wp\/v2\/posts"}],"about":[{"href":"https:\/\/chateaubranda.com\/en\/wp-json\/wp\/v2\/types\/post"}],"author":[{"embeddable":true,"href":"https:\/\/chateaubranda.com\/en\/wp-json\/wp\/v2\/users\/37"}],"replies":[{"embeddable":true,"href":"https:\/\/chateaubranda.com\/en\/wp-json\/wp\/v2\/comments?post=1691"}],"version-history":[{"count":2,"href":"https:\/\/chateaubranda.com\/en\/wp-json\/wp\/v2\/posts\/1691\/revisions"}],"predecessor-version":[{"id":1695,"href":"https:\/\/chateaubranda.com\/en\/wp-json\/wp\/v2\/posts\/1691\/revisions\/1695"}],"wp:featuredmedia":[{"embeddable":true,"href":"https:\/\/chateaubranda.com\/en\/wp-json\/wp\/v2\/media\/1692"}],"wp:attachment":[{"href":"https:\/\/chateaubranda.com\/en\/wp-json\/wp\/v2\/media?parent=1691"}],"wp:term":[{"taxonomy":"category","embeddable":true,"href":"https:\/\/chateaubranda.com\/en\/wp-json\/wp\/v2\/categories?post=1691"},{"taxonomy":"post_tag","embeddable":true,"href":"https:\/\/chateaubranda.com\/en\/wp-json\/wp\/v2\/tags?post=1691"}],"curies":[{"name":"wp","href":"https:\/\/api.w.org\/{rel}","templated":true}]}}