{"id":1646,"date":"2018-09-14T16:33:37","date_gmt":"2018-09-14T14:33:37","guid":{"rendered":"https:\/\/chateaubranda.com\/?p=1646"},"modified":"2018-09-14T16:33:37","modified_gmt":"2018-09-14T14:33:37","slug":"chateau-branda-terre-de-vins-foire-aux-vins","status":"publish","type":"post","link":"https:\/\/chateaubranda.com\/en\/chateau-branda-terre-de-vins-foire-aux-vins\/","title":{"rendered":"Ch\u00e2teau Branda 2016 Foires aux vins Terres de Vins"},"content":{"rendered":"<p>Une bonne nouvelle que nous partageons aujourd\u2019hui avec vous : notre <strong>Ch\u00e2teau Branda 2016<\/strong> prochainement pr\u00e9sent sur notre site internet ainsi qu\u2019en<strong> foire aux vins<\/strong> dans tous les <strong>Carrefour Contact<\/strong>, a re\u00e7u un \u201c<strong>coup de c\u0153ur<\/strong>\u201d du c\u00e9l\u00e8bre magazine <strong>Terre de Vins<\/strong> dans son num\u00e9ro de septembre octobre 2018 sp\u00e9cial <strong>foires aux vins<\/strong> !<\/p>\n<p>C\u2019est une vraie fiert\u00e9 et encore une fois, cela nous encourage \u00e0 toujours faire mieux pour VOUS proposer un vin offrant le meilleur rapport qualit\u00e9\/prix\/plaisir !<\/p>\n<p>Voici le commentaire de l\u2019\u00e9quipe de <strong>terre de vin<\/strong> : \u201cBelle r\u00e9ussite pour ce ch\u00e2teau en 2016. Il montre une grande expressivit\u00e9 aromatique (myrtille, m\u00fbre) et beaucoup de classe et de droiture.<\/p>\n<p>Ne boudons pas notre joie, \u201c<strong>\u00e7a fait plaisir<\/strong>\u201d !<\/p>\n<p>&nbsp;<\/p>\n<p>&nbsp;<\/p>\n<p>&nbsp;<\/p>","protected":false},"excerpt":{"rendered":"<p>Une bonne nouvelle que nous partageons aujourd\u2019hui avec vous : notre Ch\u00e2teau Branda 2016 prochainement pr\u00e9sent sur notre site internet ainsi qu\u2019en foire aux vins dans tous les Carrefour Contact,<br class=\"read-more-spacer\"> <a class=\"more-link\" href=\"https:\/\/chateaubranda.com\/en\/chateau-branda-terre-de-vins-foire-aux-vins\/\">Read More<\/a><\/p>","protected":false},"author":37,"featured_media":1647,"comment_status":"open","ping_status":"open","sticky":false,"template":"","format":"standard","meta":{"om_disable_all_campaigns":false,"_monsterinsights_skip_tracking":false,"_monsterinsights_sitenote_active":false,"_monsterinsights_sitenote_note":"","_monsterinsights_sitenote_category":0,"_uf_show_specific_survey":0,"_uf_disable_surveys":false,"footnotes":""},"categories":[32],"tags":[46,47,48,45,42,43],"class_list":["post-1646","post","type-post","status-publish","format-standard","has-post-thumbnail","hentry","category-vie-de-chateau","tag-46","tag-carrefour-contact","tag-coup-de-coeur","tag-foire-aux-vins","tag-puisseguin-lussac","tag-saint-emilion"],"aioseo_notices":[],"_links":{"self":[{"href":"https:\/\/chateaubranda.com\/en\/wp-json\/wp\/v2\/posts\/1646","targetHints":{"allow":["GET"]}}],"collection":[{"href":"https:\/\/chateaubranda.com\/en\/wp-json\/wp\/v2\/posts"}],"about":[{"href":"https:\/\/chateaubranda.com\/en\/wp-json\/wp\/v2\/types\/post"}],"author":[{"embeddable":true,"href":"https:\/\/chateaubranda.com\/en\/wp-json\/wp\/v2\/users\/37"}],"replies":[{"embeddable":true,"href":"https:\/\/chateaubranda.com\/en\/wp-json\/wp\/v2\/comments?post=1646"}],"version-history":[{"count":2,"href":"https:\/\/chateaubranda.com\/en\/wp-json\/wp\/v2\/posts\/1646\/revisions"}],"predecessor-version":[{"id":1653,"href":"https:\/\/chateaubranda.com\/en\/wp-json\/wp\/v2\/posts\/1646\/revisions\/1653"}],"wp:featuredmedia":[{"embeddable":true,"href":"https:\/\/chateaubranda.com\/en\/wp-json\/wp\/v2\/media\/1647"}],"wp:attachment":[{"href":"https:\/\/chateaubranda.com\/en\/wp-json\/wp\/v2\/media?parent=1646"}],"wp:term":[{"taxonomy":"category","embeddable":true,"href":"https:\/\/chateaubranda.com\/en\/wp-json\/wp\/v2\/categories?post=1646"},{"taxonomy":"post_tag","embeddable":true,"href":"https:\/\/chateaubranda.com\/en\/wp-json\/wp\/v2\/tags?post=1646"}],"curies":[{"name":"wp","href":"https:\/\/api.w.org\/{rel}","templated":true}]}}