{"id":1642,"date":"2018-09-14T16:29:29","date_gmt":"2018-09-14T14:29:29","guid":{"rendered":"https:\/\/chateaubranda.com\/?p=1642"},"modified":"2018-09-14T16:30:18","modified_gmt":"2018-09-14T14:30:18","slug":"vieux-chateau-chambeau-terre-de-vins-foire-aux-vins","status":"publish","type":"post","link":"https:\/\/chateaubranda.com\/en\/vieux-chateau-chambeau-terre-de-vins-foire-aux-vins\/","title":{"rendered":"Vieux Ch\u00e2teau Chambeau 2015 Foires aux vins Terres de Vins"},"content":{"rendered":"<p>Encore une nouvelle bien agr\u00e9able que nous partageons aujourd\u2019hui avec vous : notre<strong> Vieux Ch\u00e2teau Chambeau 2015<\/strong> prochainement pr\u00e9sent sur notre site internet ainsi qu\u2019en <strong>foire aux vins<\/strong> dans tous les <strong>Carrefour Market<\/strong>, a re\u00e7u un tr\u00e8s beau commentaire du c\u00e9l\u00e8bre magazine <strong>Terre de Vins<\/strong> dans son num\u00e9ro de<strong> septembre octobre 2018<\/strong> sp\u00e9cial <strong>foires aux vins<\/strong> !<\/p>\n<p>C\u2019est une vraie fiert\u00e9 et encore une fois, cela nous encourage \u00e0 toujours faire mieux pour VOUS proposer un vin offrant le meilleur rapport qualit\u00e9\/prix\/plaisir !<\/p>\n<p>Voici le commentaire de l\u2019\u00e9quipe de <strong>terre de vin<\/strong> : \u201cUn vin facile d\u2019acc\u00e8s : un registre plut\u00f4t l\u00e9ger qui fait la part belle aux fruits noirs (cassis, m\u00fbres) \u00e9clatants ! Grande longueur\u201d .<\/p>\n<p>Nous retrouvons ici pleinement les <strong>qualit\u00e9s<\/strong> de notre petit dernier et une fois encore, ne boudons pas notre joie : \u201c\u00e7a fait encore <strong>plaisir<\/strong>\u201d !<\/p>\n<p>&nbsp;<\/p>\n<p>&nbsp;<\/p>","protected":false},"excerpt":{"rendered":"<p>Encore une nouvelle bien agr\u00e9able que nous partageons aujourd\u2019hui avec vous : notre Vieux Ch\u00e2teau Chambeau 2015 prochainement pr\u00e9sent sur notre site internet ainsi qu\u2019en foire aux vins dans tous<br class=\"read-more-spacer\"> <a class=\"more-link\" href=\"https:\/\/chateaubranda.com\/en\/vieux-chateau-chambeau-terre-de-vins-foire-aux-vins\/\">Read More<\/a><\/p>","protected":false},"author":37,"featured_media":1643,"comment_status":"open","ping_status":"open","sticky":false,"template":"","format":"standard","meta":{"om_disable_all_campaigns":false,"_monsterinsights_skip_tracking":false,"_monsterinsights_sitenote_active":false,"_monsterinsights_sitenote_note":"","_monsterinsights_sitenote_category":0,"_uf_show_specific_survey":0,"_uf_disable_surveys":false,"footnotes":""},"categories":[1],"tags":[46,44,45,42,43],"class_list":["post-1642","post","type-post","status-publish","format-standard","has-post-thumbnail","hentry","category-non-classe","tag-46","tag-carrefour-market","tag-foire-aux-vins","tag-puisseguin-lussac","tag-saint-emilion"],"aioseo_notices":[],"_links":{"self":[{"href":"https:\/\/chateaubranda.com\/en\/wp-json\/wp\/v2\/posts\/1642","targetHints":{"allow":["GET"]}}],"collection":[{"href":"https:\/\/chateaubranda.com\/en\/wp-json\/wp\/v2\/posts"}],"about":[{"href":"https:\/\/chateaubranda.com\/en\/wp-json\/wp\/v2\/types\/post"}],"author":[{"embeddable":true,"href":"https:\/\/chateaubranda.com\/en\/wp-json\/wp\/v2\/users\/37"}],"replies":[{"embeddable":true,"href":"https:\/\/chateaubranda.com\/en\/wp-json\/wp\/v2\/comments?post=1642"}],"version-history":[{"count":2,"href":"https:\/\/chateaubranda.com\/en\/wp-json\/wp\/v2\/posts\/1642\/revisions"}],"predecessor-version":[{"id":1645,"href":"https:\/\/chateaubranda.com\/en\/wp-json\/wp\/v2\/posts\/1642\/revisions\/1645"}],"wp:featuredmedia":[{"embeddable":true,"href":"https:\/\/chateaubranda.com\/en\/wp-json\/wp\/v2\/media\/1643"}],"wp:attachment":[{"href":"https:\/\/chateaubranda.com\/en\/wp-json\/wp\/v2\/media?parent=1642"}],"wp:term":[{"taxonomy":"category","embeddable":true,"href":"https:\/\/chateaubranda.com\/en\/wp-json\/wp\/v2\/categories?post=1642"},{"taxonomy":"post_tag","embeddable":true,"href":"https:\/\/chateaubranda.com\/en\/wp-json\/wp\/v2\/tags?post=1642"}],"curies":[{"name":"wp","href":"https:\/\/api.w.org\/{rel}","templated":true}]}}